{"id":871,"date":"2023-05-10T07:26:35","date_gmt":"2023-05-10T07:26:35","guid":{"rendered":"https:\/\/www.itbatterie.com\/blog\/?p=871"},"modified":"2023-05-10T07:26:35","modified_gmt":"2023-05-10T07:26:35","slug":"al-parlamento-europeo-e-scontro-sulluso-del-riconoscimento-biometrico","status":"publish","type":"post","link":"https:\/\/www.itbatterie.com\/blog\/archives\/871","title":{"rendered":"Al Parlamento europeo \u00e8 scontro sull&#8217;uso del riconoscimento biometrico"},"content":{"rendered":"\n<p>L&#8217;utilizzo di telecamere a riconoscimento biometrico negli spazi pubblici \u00e8 il pomo della discordia dell&#8217;accordo sul testo dell&#8217;Eurocamera sull&#8217;intelligenza artificiale.<\/p>\n\n\n\n<p>Il testo ha gi\u00e0 trovato un accordo informale tra i gruppi settimana scorsa ed \u00e8 pronto per il voto in commissione questo gioved\u00ec ma il via libera all&#8217;utilizzo del riconoscimento facciale nelle strade europee sar\u00e0 oggetto di un voto ad hoc.<\/p>\n\n\n\n<p>A guidare la battaglia per impedire l&#8217;uso del riconoscimento biometrico negli spazi pubblici \u00e8 il relatore del testo e capodelegazione del Pd all&#8217;Eurocamera, Brando Benifei, che su Twitter annuncia &#8220;voglio costruire una solida maggioranza per garantire questo risultato&#8221;.<\/p>\n\n\n\n<p>Fonti vicine al dossier assicurano che Benifei pu\u00f2 contare su un appoggio decisivo da Sinistra, Verdi e liberali, oltre che del suo gruppo, quello dei Socialisti e Democratici. Pi\u00f9 inclini all&#8217;uso delle tecnologie a riconoscimento facciale, soprattutto nell&#8217;incrementare i sistemi di sicurezza e sorveglianza, sarebbero invece i popolari del Ppe e i conservatori di Ecr e Id.<\/p>\n","protected":false},"excerpt":{"rendered":"<p>L&#8217;utilizzo di telecamere a riconoscimento biometrico negli spazi pubblici \u00e8 il pomo della discordia dell&#8217;accordo sul testo dell&#8217;Eurocamera sull&#8217;intelligenza artificiale. Il testo ha gi\u00e0 trovato un accordo informale tra i gruppi settimana scorsa ed \u00e8 pronto per il voto in commissione questo gioved\u00ec ma il via libera all&#8217;utilizzo del riconoscimento facciale nelle strade europee sar\u00e0 [&hellip;]<\/p>\n","protected":false},"author":1,"featured_media":0,"comment_status":"open","ping_status":"open","sticky":false,"template":"","format":"standard","meta":{"footnotes":""},"categories":[1],"tags":[],"class_list":["post-871","post","type-post","status-publish","format-standard","hentry","category-news"],"_links":{"self":[{"href":"https:\/\/www.itbatterie.com\/blog\/wp-json\/wp\/v2\/posts\/871","targetHints":{"allow":["GET"]}}],"collection":[{"href":"https:\/\/www.itbatterie.com\/blog\/wp-json\/wp\/v2\/posts"}],"about":[{"href":"https:\/\/www.itbatterie.com\/blog\/wp-json\/wp\/v2\/types\/post"}],"author":[{"embeddable":true,"href":"https:\/\/www.itbatterie.com\/blog\/wp-json\/wp\/v2\/users\/1"}],"replies":[{"embeddable":true,"href":"https:\/\/www.itbatterie.com\/blog\/wp-json\/wp\/v2\/comments?post=871"}],"version-history":[{"count":1,"href":"https:\/\/www.itbatterie.com\/blog\/wp-json\/wp\/v2\/posts\/871\/revisions"}],"predecessor-version":[{"id":872,"href":"https:\/\/www.itbatterie.com\/blog\/wp-json\/wp\/v2\/posts\/871\/revisions\/872"}],"wp:attachment":[{"href":"https:\/\/www.itbatterie.com\/blog\/wp-json\/wp\/v2\/media?parent=871"}],"wp:term":[{"taxonomy":"category","embeddable":true,"href":"https:\/\/www.itbatterie.com\/blog\/wp-json\/wp\/v2\/categories?post=871"},{"taxonomy":"post_tag","embeddable":true,"href":"https:\/\/www.itbatterie.com\/blog\/wp-json\/wp\/v2\/tags?post=871"}],"curies":[{"name":"wp","href":"https:\/\/api.w.org\/{rel}","templated":true}]}}