{"id":74,"date":"2021-09-09T08:10:17","date_gmt":"2021-09-09T08:10:17","guid":{"rendered":"https:\/\/www.itbatterie.com\/blog\/?p=74"},"modified":"2021-09-09T08:10:17","modified_gmt":"2021-09-09T08:10:17","slug":"apple-il-chip-m2-debuttera-sul-futuro-e-rinnovato-macbook-air","status":"publish","type":"post","link":"https:\/\/www.itbatterie.com\/blog\/archives\/74","title":{"rendered":"Apple: il Chip M2 Debutter\u00e0 sul Futuro, e Rinnovato, MacBook Air?"},"content":{"rendered":"\n<p>Sono ormai parecchi mesi che vi riportiamo con puntualit\u00e0 gli ultimi rumor, provenienti da fonti pi\u00f9 o meno affidabili, inerenti ai prossimi MacBook Pro e MacBook Air di Apple. Con il passaggio al SoC M1, la compagnia di Cupertino ha colto l\u2019occasione per \u201csvecchiare\u201d e rinnovare la sua linea di iMac da 24\u2033, ma attualmente, purtroppo, i computer portatili, nonch\u00e9 il Mac Mini, presentano lo stesso design usato da anni sui dispositivi basati sui processori x86 di Intel.<\/p>\n\n\n\n<p>Gi\u00e0 da diverso tempo circolano varie voci inerenti ai prossimi Macbook Pro, i quali dovrebbero essere lanciati entro quest\u2019anno nei formati con display da 14 e 16 pollici con ricarica MagSafe, un maggior numero di porte e, come si \u00e8 detto pi\u00f9 volte nel corso delle scorse settimane, torneranno anche un\u2019uscita video HDMI e uno slot per schede SD. A bordo, inoltre, dovrebbe trovarsi un pi\u00f9 potente SoC, probabilmente chiamato M1X con 10 core (otto ad alte prestazioni e due ad alta efficienza) con due varianti da 16 o 32 core per la GPU.<\/p>\n\n\n\n<p>Il noto leaker Dylandkt, come riportato dai colleghi di DigitalTrends, ha recentemente pubblicato su messaggio sul proprio account Twitter nel quale ha affermato che il chip M2, da non confondersi con M1X che sar\u00e0 riservato alla linea Pro, debutter\u00e0 sul mercato nel corso della prima met\u00e0 del 2022 all\u2019interno del rinnovato, e colorato, Macbook Air. Stando a questa dichiarazione, sembra che Apple abbia intenzione di seguire la strada tracciata con l\u2019iMac da 24\u2033, quindi introducendo dispositivi portatili colorati in grado di adattarsi a molteplici occasioni e che strizzano l\u2019occhio al pubblico meno \u201cprofessionale\u201d.<\/p>\n\n\n\n<p>Le&nbsp;<a href=\"https:\/\/www.itbatterie.com\/batterie-PC-portatili\/apple.htm\">Batterie per Apple<\/a>&nbsp;dispongono dei vantaggi come le dimensioni originali, le qualit\u00e0 eccellenti e i prezzi inferiori, con la nuova cellula di batteria eccellente, multi-monitoraggio, sicuro e protetto.Spedizioni gratuite in tutto il mondo!<\/p>\n","protected":false},"excerpt":{"rendered":"<p>Sono ormai parecchi mesi che vi riportiamo con puntualit\u00e0 gli ultimi rumor, provenienti da fonti pi\u00f9 o meno affidabili, inerenti ai prossimi MacBook Pro e MacBook Air di Apple. Con il passaggio al SoC M1, la compagnia di Cupertino ha colto l\u2019occasione per \u201csvecchiare\u201d e rinnovare la sua linea di iMac da 24\u2033, ma attualmente, [&hellip;]<\/p>\n","protected":false},"author":1,"featured_media":0,"comment_status":"open","ping_status":"open","sticky":false,"template":"","format":"standard","meta":{"footnotes":""},"categories":[1],"tags":[],"class_list":["post-74","post","type-post","status-publish","format-standard","hentry","category-news"],"_links":{"self":[{"href":"https:\/\/www.itbatterie.com\/blog\/wp-json\/wp\/v2\/posts\/74","targetHints":{"allow":["GET"]}}],"collection":[{"href":"https:\/\/www.itbatterie.com\/blog\/wp-json\/wp\/v2\/posts"}],"about":[{"href":"https:\/\/www.itbatterie.com\/blog\/wp-json\/wp\/v2\/types\/post"}],"author":[{"embeddable":true,"href":"https:\/\/www.itbatterie.com\/blog\/wp-json\/wp\/v2\/users\/1"}],"replies":[{"embeddable":true,"href":"https:\/\/www.itbatterie.com\/blog\/wp-json\/wp\/v2\/comments?post=74"}],"version-history":[{"count":1,"href":"https:\/\/www.itbatterie.com\/blog\/wp-json\/wp\/v2\/posts\/74\/revisions"}],"predecessor-version":[{"id":75,"href":"https:\/\/www.itbatterie.com\/blog\/wp-json\/wp\/v2\/posts\/74\/revisions\/75"}],"wp:attachment":[{"href":"https:\/\/www.itbatterie.com\/blog\/wp-json\/wp\/v2\/media?parent=74"}],"wp:term":[{"taxonomy":"category","embeddable":true,"href":"https:\/\/www.itbatterie.com\/blog\/wp-json\/wp\/v2\/categories?post=74"},{"taxonomy":"post_tag","embeddable":true,"href":"https:\/\/www.itbatterie.com\/blog\/wp-json\/wp\/v2\/tags?post=74"}],"curies":[{"name":"wp","href":"https:\/\/api.w.org\/{rel}","templated":true}]}}