{"id":717,"date":"2023-02-07T03:35:07","date_gmt":"2023-02-07T03:35:07","guid":{"rendered":"https:\/\/www.itbatterie.com\/blog\/?p=717"},"modified":"2023-02-07T03:35:07","modified_gmt":"2023-02-07T03:35:07","slug":"safer-internet-day-garante-garlatti-proibire-non-e-realistico","status":"publish","type":"post","link":"https:\/\/www.itbatterie.com\/blog\/archives\/717","title":{"rendered":"Safer Internet Day: Garante Garlatti, proibire non \u00e8 realistico"},"content":{"rendered":"\n<p>&#8220;Quando si parla di internet e minorenni pensare di vietare non \u00e8 realistico&#8221;.<\/p>\n\n\n\n<p>\u00c8 quanto afferma Carla Garlatti, Autorit\u00e0 garante per l&#8217;infanzia e l&#8217;adolescenza, in vista del &#8216;Safer Internet Day&#8217; che si terr\u00e0 il 7 febbraio Officine Farneto di Roma con il titolo &#8216;Together for a better internet&#8217;, organizzato dal consorzio Generazioni connesse.<\/p>\n\n\n\n<p>&#8220;Occorre garantire &#8211; sostiene &#8211; una navigazione sicura e assicurare i diritti dei minorenni connessi all&#8217;uso della rete. Faccio riferimento al diritto all&#8217;espressione, alla libert\u00e0 di opinione e quella di ricercare, ricevere e divulgare informazioni e idee indipendentemente dalle frontiere. A questo va aggiunto quello di accedere a informazioni e a materiali provenienti da varie fonti, specie quelli che promuovono il benessere sociale, spirituale e morale, oltre che la salute fisica e mentale&#8221;. Secondo Garlatti, &#8220;in questo senso rendere sicuro internet significa assicurare ai ragazzi una risorsa preziosa. A livello normativo occorre ad esempio introdurre una sorta Spid per minori per la verifica dell&#8217;et\u00e0 di accesso alle app e ai social ed \u00e8 necessario arginare, anche attraverso la co-regolazione con i provider, la sovraesposizione online dei minorenni. Ci sono poi pericoli non troppo avvertiti: i furti di identit\u00e0, l&#8217;appropriazione delle immagini dei bambini per la produzione di contenuti pedopornografici e la profilazione, che ingabbia i minorenni in un mondo chiuso di interessi, idee e notizie. A ci\u00f2 vanno aggiunte iniziative di educazione e sensibilizzazione, anche e soprattutto per gli adulti, che in alcune occasioni favoriscono, con le loro condivisioni in rete, la formazione di una cultura della sovraesposizione. Adulti che a volte si rendono protagonisti di comportamenti contradditori, come quello di proibire il cellulare a tavola o in classe mentre contemporaneamente loro stessi ne fanno uso nei medesimi contesti&#8221;.<\/p>\n","protected":false},"excerpt":{"rendered":"<p>&#8220;Quando si parla di internet e minorenni pensare di vietare non \u00e8 realistico&#8221;. \u00c8 quanto afferma Carla Garlatti, Autorit\u00e0 garante per l&#8217;infanzia e l&#8217;adolescenza, in vista del &#8216;Safer Internet Day&#8217; che si terr\u00e0 il 7 febbraio Officine Farneto di Roma con il titolo &#8216;Together for a better internet&#8217;, organizzato dal consorzio Generazioni connesse. &#8220;Occorre garantire [&hellip;]<\/p>\n","protected":false},"author":1,"featured_media":0,"comment_status":"open","ping_status":"open","sticky":false,"template":"","format":"standard","meta":{"footnotes":""},"categories":[1],"tags":[],"class_list":["post-717","post","type-post","status-publish","format-standard","hentry","category-news"],"_links":{"self":[{"href":"https:\/\/www.itbatterie.com\/blog\/wp-json\/wp\/v2\/posts\/717","targetHints":{"allow":["GET"]}}],"collection":[{"href":"https:\/\/www.itbatterie.com\/blog\/wp-json\/wp\/v2\/posts"}],"about":[{"href":"https:\/\/www.itbatterie.com\/blog\/wp-json\/wp\/v2\/types\/post"}],"author":[{"embeddable":true,"href":"https:\/\/www.itbatterie.com\/blog\/wp-json\/wp\/v2\/users\/1"}],"replies":[{"embeddable":true,"href":"https:\/\/www.itbatterie.com\/blog\/wp-json\/wp\/v2\/comments?post=717"}],"version-history":[{"count":1,"href":"https:\/\/www.itbatterie.com\/blog\/wp-json\/wp\/v2\/posts\/717\/revisions"}],"predecessor-version":[{"id":718,"href":"https:\/\/www.itbatterie.com\/blog\/wp-json\/wp\/v2\/posts\/717\/revisions\/718"}],"wp:attachment":[{"href":"https:\/\/www.itbatterie.com\/blog\/wp-json\/wp\/v2\/media?parent=717"}],"wp:term":[{"taxonomy":"category","embeddable":true,"href":"https:\/\/www.itbatterie.com\/blog\/wp-json\/wp\/v2\/categories?post=717"},{"taxonomy":"post_tag","embeddable":true,"href":"https:\/\/www.itbatterie.com\/blog\/wp-json\/wp\/v2\/tags?post=717"}],"curies":[{"name":"wp","href":"https:\/\/api.w.org\/{rel}","templated":true}]}}