{"id":502,"date":"2022-08-09T01:25:31","date_gmt":"2022-08-09T01:25:31","guid":{"rendered":"https:\/\/www.itbatterie.com\/blog\/?p=502"},"modified":"2022-08-09T01:25:31","modified_gmt":"2022-08-09T01:25:31","slug":"la-crisi-colpisce-il-mercato-dei-tablet-giu-le-spedizioni","status":"publish","type":"post","link":"https:\/\/www.itbatterie.com\/blog\/archives\/502","title":{"rendered":"La crisi colpisce il mercato dei tablet, gi\u00f9 le spedizioni"},"content":{"rendered":"\n<p>Dopo quello degli smartphone, anche il mercato dei tablet mostra una decisa flessione nel secondo trimestre del 2022.<\/p>\n\n\n\n<p>I dati che arrivano dall&#8217;agenzia di analisi Canalys mostrano infatti un settore che subisce il contraccolpo della crisi economica globale dovuta anche all&#8217;uscita dei colossi del settore hi-tech dal mercato russo.<\/p>\n\n\n\n<p>Nel periodo da aprile a giugno del 2022, stando alla rilevazioni di Canalys, le spedizioni di tablet si sono fermate a 34,77 milioni di unit\u00e0, l&#8217;11% in meno rispetto al Q2 2021. Leader del comparto \u00e8 sempre Apple, a cui spetta il 34,8% di quote di mercato e 12,1 milioni di iPad spediti. Ad ogni modo, il colosso di Cupertino \u00e8 calato del 14,7% rispetto allo scorso anno. Cala anche la seconda piazza di Samsung, al -13%, con quasi 7 milioni i tablet spediti e una fetta sul totale pari al 20%. Il terzo gradino del podio \u00e8 occupato da Lenovo con il 10,1% e 3,5 milioni di tablet spediti.<br>Per la cinese, la perdita \u00e8 stata del 25,1% su base annua.<br>Completano la classifica Amazon, unica aziende in positivo (+ 6,3%) e con una quota del 9,5% &#8211; e Huawei, il cui calo rispetto allo stesso periodo dello scorso anno \u00e8 del 25,9%. &#8220;Il rapido calo della domanda ha accelerato il calo delle spedizioni di tablet mentre andiamo oltre il picco della pandemia&#8221;, ha affermato l&#8217;analista di Canalys, Himani Mukka. &#8220;L&#8217;inflazione e i timori di una recessione sono in prima linea nelle menti dei consumatori e la spesa per i tablet \u00e8 passata in secondo piano poich\u00e9 \u00e8 diminuita la necessit\u00e0 di livelli di utilizzo avuta nei mesi duri del Covid-19&#8243;&#8221;.<\/p>\n","protected":false},"excerpt":{"rendered":"<p>Dopo quello degli smartphone, anche il mercato dei tablet mostra una decisa flessione nel secondo trimestre del 2022. I dati che arrivano dall&#8217;agenzia di analisi Canalys mostrano infatti un settore che subisce il contraccolpo della crisi economica globale dovuta anche all&#8217;uscita dei colossi del settore hi-tech dal mercato russo. Nel periodo da aprile a giugno [&hellip;]<\/p>\n","protected":false},"author":1,"featured_media":0,"comment_status":"open","ping_status":"open","sticky":false,"template":"","format":"standard","meta":{"footnotes":""},"categories":[1],"tags":[],"class_list":["post-502","post","type-post","status-publish","format-standard","hentry","category-news"],"_links":{"self":[{"href":"https:\/\/www.itbatterie.com\/blog\/wp-json\/wp\/v2\/posts\/502","targetHints":{"allow":["GET"]}}],"collection":[{"href":"https:\/\/www.itbatterie.com\/blog\/wp-json\/wp\/v2\/posts"}],"about":[{"href":"https:\/\/www.itbatterie.com\/blog\/wp-json\/wp\/v2\/types\/post"}],"author":[{"embeddable":true,"href":"https:\/\/www.itbatterie.com\/blog\/wp-json\/wp\/v2\/users\/1"}],"replies":[{"embeddable":true,"href":"https:\/\/www.itbatterie.com\/blog\/wp-json\/wp\/v2\/comments?post=502"}],"version-history":[{"count":1,"href":"https:\/\/www.itbatterie.com\/blog\/wp-json\/wp\/v2\/posts\/502\/revisions"}],"predecessor-version":[{"id":503,"href":"https:\/\/www.itbatterie.com\/blog\/wp-json\/wp\/v2\/posts\/502\/revisions\/503"}],"wp:attachment":[{"href":"https:\/\/www.itbatterie.com\/blog\/wp-json\/wp\/v2\/media?parent=502"}],"wp:term":[{"taxonomy":"category","embeddable":true,"href":"https:\/\/www.itbatterie.com\/blog\/wp-json\/wp\/v2\/categories?post=502"},{"taxonomy":"post_tag","embeddable":true,"href":"https:\/\/www.itbatterie.com\/blog\/wp-json\/wp\/v2\/tags?post=502"}],"curies":[{"name":"wp","href":"https:\/\/api.w.org\/{rel}","templated":true}]}}