{"id":456,"date":"2022-07-12T01:26:24","date_gmt":"2022-07-12T01:26:24","guid":{"rendered":"https:\/\/www.itbatterie.com\/blog\/?p=456"},"modified":"2022-07-12T01:26:24","modified_gmt":"2022-07-12T01:26:24","slug":"garante-privacy-a-tiktok-stop-a-pubblicita-personalizzata","status":"publish","type":"post","link":"https:\/\/www.itbatterie.com\/blog\/archives\/456","title":{"rendered":"Garante Privacy a TikTok, stop a pubblicit\u00e0 &#8216;personalizzata&#8217;"},"content":{"rendered":"\n<p>Il Garante per la privacy con un provvedimento d&#8217;urgenza adottato il 7 luglio ha avvertito TikTok che \u00e8 illecito utilizzare dati personali archiviati nei dispositivi degli utenti per profilarli e inviare loro pubblicit\u00e0 personalizzata in assenza di un esplicito consenso.<\/p>\n\n\n\n<p>Nelle scorse settimane &#8211; spiega una nota dell&#8217;organismo &#8211; il social aveva informato i propri utenti che, a partire dal 13 luglio, le persone maggiori di 18 anni sarebbero state raggiunte da pubblicit\u00e0 &#8220;personalizzata&#8221;, basata cio\u00e8 sulla profilazione dei comportamenti tenuti nella navigazione su TikTok.<\/p>\n\n\n\n<p>E aveva modificato la sua privacy policy prevedendo come base giuridica per il trattamento dei dati non pi\u00f9 il consenso degli interessati, ma non meglio precisati &#8220;legittimi interessi&#8221; di TikTok e dei suoi partner.<\/p>\n\n\n\n<p>Il Garante aveva immediatamente avviato un&#8217;istruttoria sulla modifica della privacy policy e chiesto informazioni al social. Sulla base degli elementi forniti dalla Societ\u00e0, l&#8217;Autorit\u00e0 ha concluso che tale mutamento della base giuridica risulta incompatibile con la direttiva europea 2002\/58, la cosiddetta direttiva &#8220;ePrivacy&#8221; , e con l&#8217;art. 122 del Codice in materia di protezione dei dati personali (che ne d\u00e0 attuazione).<\/p>\n\n\n\n<p>Il Garante ha poi messo in luce un aspetto che riguarda la tutela dei minori iscritti alla piattaforma. Le attuali difficolt\u00e0 mostrate da TikTok nell&#8217;accertare l&#8217;et\u00e0 minima per l&#8217;accesso alla piattaforma &#8211; ha osservato l&#8217;Autorit\u00e0 &#8211; non consentono infatti di escludere il rischio che la pubblicit\u00e0 &#8220;personalizzata&#8221; basata sul legittimo interesse raggiunga i giovanissimi, con contenuti non appropriati. L&#8217;Autorit\u00e0 italiana, avvalendosi di uno dei poteri previsti dal Regolamento Ue, ha pertanto inviato un &#8220;avvertimento&#8221; formale alla Societ\u00e0, avvisando che un trattamento effettuato sulla base giuridica del &#8220;legittimo interesse&#8221;, almeno in relazione alle informazioni archiviate sui dispositivi degli utenti, si porrebbe al di fuori della cornice normativa in vigore, con le evidenti conseguenze, anche di carattere sanzionatorio. L&#8217;Autorit\u00e0 si \u00e8 pertanto riservata l&#8217;adozione di eventuali provvedimenti anche di urgenza qualora TikTok non recedesse dal proprio proposito.<\/p>\n\n\n\n<p>La violazione della direttiva &#8220;ePrivacy&#8221; ha consentito al Garante di intervenire direttamente e in via d&#8217;urgenza nei confronti di TikTok, al di fuori della procedura di cooperazione prevista dal Gdpr, che avrebbe visto l&#8217;esercizio dell&#8217;iniziativa da parte dell&#8217;Autorit\u00e0 di protezione dati irlandese, Paese ove TikTok ha fissato il proprio stabilimento principale. In ogni caso, poich\u00e9 anche il trattamento di informazioni diverse rispetto a quelle archiviate sui dispositivi degli utenti sulla base del legittimo interesse appare incompatibile con la disciplina europea in materia di protezione dei dati personali &#8211; in questo caso quella dettata dal Gdpr &#8211; il Garante ha contestualmente informato il Comitato europeo delle autorit\u00e0 di protezione dei dati personali e l&#8217;Autorit\u00e0 irlandese, perch\u00e9 valutino le ulteriori iniziative da intraprendere.<\/p>\n\n\n\n<p>&#8220;In TikTok cerchiamo di costruire un&#8217;esperienza personalizzata per la nostra community, impegnandoci al contempo a rispettare la privacy dei nostri utenti, ad essere trasparenti sulle nostre politiche in materia di privacy e ad operare in conformit\u00e0 con tutte le normative vigenti. Mentre la nostra valutazione della recente comunicazione del Garante per la Protezione dei Dati Personali \u00e8 ancora in corso, non possiamo commentare oltre&#8221;: cos\u00ec in una nota un portavoce di TikTok.<\/p>\n","protected":false},"excerpt":{"rendered":"<p>Il Garante per la privacy con un provvedimento d&#8217;urgenza adottato il 7 luglio ha avvertito TikTok che \u00e8 illecito utilizzare dati personali archiviati nei dispositivi degli utenti per profilarli e inviare loro pubblicit\u00e0 personalizzata in assenza di un esplicito consenso. Nelle scorse settimane &#8211; spiega una nota dell&#8217;organismo &#8211; il social aveva informato i propri [&hellip;]<\/p>\n","protected":false},"author":1,"featured_media":0,"comment_status":"open","ping_status":"open","sticky":false,"template":"","format":"standard","meta":{"footnotes":""},"categories":[1],"tags":[],"class_list":["post-456","post","type-post","status-publish","format-standard","hentry","category-news"],"_links":{"self":[{"href":"https:\/\/www.itbatterie.com\/blog\/wp-json\/wp\/v2\/posts\/456","targetHints":{"allow":["GET"]}}],"collection":[{"href":"https:\/\/www.itbatterie.com\/blog\/wp-json\/wp\/v2\/posts"}],"about":[{"href":"https:\/\/www.itbatterie.com\/blog\/wp-json\/wp\/v2\/types\/post"}],"author":[{"embeddable":true,"href":"https:\/\/www.itbatterie.com\/blog\/wp-json\/wp\/v2\/users\/1"}],"replies":[{"embeddable":true,"href":"https:\/\/www.itbatterie.com\/blog\/wp-json\/wp\/v2\/comments?post=456"}],"version-history":[{"count":1,"href":"https:\/\/www.itbatterie.com\/blog\/wp-json\/wp\/v2\/posts\/456\/revisions"}],"predecessor-version":[{"id":457,"href":"https:\/\/www.itbatterie.com\/blog\/wp-json\/wp\/v2\/posts\/456\/revisions\/457"}],"wp:attachment":[{"href":"https:\/\/www.itbatterie.com\/blog\/wp-json\/wp\/v2\/media?parent=456"}],"wp:term":[{"taxonomy":"category","embeddable":true,"href":"https:\/\/www.itbatterie.com\/blog\/wp-json\/wp\/v2\/categories?post=456"},{"taxonomy":"post_tag","embeddable":true,"href":"https:\/\/www.itbatterie.com\/blog\/wp-json\/wp\/v2\/tags?post=456"}],"curies":[{"name":"wp","href":"https:\/\/api.w.org\/{rel}","templated":true}]}}