{"id":1322,"date":"2024-12-20T09:18:47","date_gmt":"2024-12-20T09:18:47","guid":{"rendered":"https:\/\/www.itbatterie.com\/blog\/?p=1322"},"modified":"2024-12-20T09:18:49","modified_gmt":"2024-12-20T09:18:49","slug":"asus-presenta-il-mini-pc-nuc-14-pro-ai-con-processori-intel-core-ultra","status":"publish","type":"post","link":"https:\/\/www.itbatterie.com\/blog\/archives\/1322","title":{"rendered":"Asus presenta il Mini PC NUC 14 Pro AI con processori Intel Core Ultra"},"content":{"rendered":"\n<p><a href=\"https:\/\/www.itbatterie.com\/products_search.php?gjz=Asus\">Asus<\/a>&nbsp;ha introdotto il NUC 14 Pro AI, un Mini PC compatto che integra i pi\u00f9 recenti processori Intel Core Ultra (Serie 2), precedentemente noti come &#8220;Lunar Lake&#8221;. Questo dispositivo \u00e8 progettato per offrire funzionalit\u00e0 avanzate di intelligenza artificiale in un formato di meno di 0,6 litri.<\/p>\n\n\n\n<figure class=\"wp-block-image size-full\"><img loading=\"lazy\" decoding=\"async\" width=\"950\" height=\"534\" src=\"https:\/\/www.itbatterie.com\/blog\/wp-content\/uploads\/2024\/12\/1220-3.png\" alt=\"\" class=\"wp-image-1323\" srcset=\"https:\/\/www.itbatterie.com\/blog\/wp-content\/uploads\/2024\/12\/1220-3.png 950w, https:\/\/www.itbatterie.com\/blog\/wp-content\/uploads\/2024\/12\/1220-3-300x169.png 300w, https:\/\/www.itbatterie.com\/blog\/wp-content\/uploads\/2024\/12\/1220-3-768x432.png 768w, https:\/\/www.itbatterie.com\/blog\/wp-content\/uploads\/2024\/12\/1220-3-600x337.png 600w\" sizes=\"auto, (max-width: 950px) 100vw, 950px\" \/><\/figure>\n\n\n\n<h2 class=\"wp-block-heading\">Caratteristiche principali e specifiche tecniche<\/h2>\n\n\n\n<p><strong>Opzioni di processore<\/strong>: Il NUC 14 Pro AI \u00e8 disponibile in diverse configurazioni:<\/p>\n\n\n\n<ul class=\"wp-block-list\">\n<li>Processore Core Ultra 5 226V con 16 GB di memoria<\/li>\n\n\n\n<li>Processore Core Ultra 5 228V con 32 GB di memoria<\/li>\n\n\n\n<li>Processore Core Ultra 7 256V con 16 GB di memoria<\/li>\n\n\n\n<li>Processore Core Ultra 7 258V con 32 GB di memoria<\/li>\n\n\n\n<li>Processore Core Ultra 9 288V con 32 GB di memoria<\/li>\n<\/ul>\n\n\n\n<p><strong>Memoria e archiviazione<\/strong>: Supporta fino a 32 GB di RAM LPDDR5x-8533. Le opzioni di archiviazione includono uno slot M.2 2280 PCIe Gen4x4, compatibile con SSD NVMe da 256 GB a 2 TB.<br><strong>Grafica e prestazioni AI<\/strong>: Dotato di una GPU integrata Intel Arc che offre fino a 67 TOPS. Il dispositivo include anche 48 NPU TOPS, fornendo prestazioni AI quasi triplicate rispetto ai modelli NUC precedenti con un minore consumo energetico.<br><strong>Connettivit\u00e0<\/strong>: Include Intel Wi-Fi 7, Bluetooth 5.4, supporto 2&#215;2 MIMO e LAN Intel 2.5G.<br><strong>Audio e sicurezza<\/strong>: Presenta un altoparlante mono interno con amplificatore esterno smart, un microfono digitale integrato e un jack audio combinato. La sicurezza \u00e8 migliorata con un sensore di impronte digitali Windows Hello e un pulsante dedicato Copilot+ per l&#8217;integrazione AI.<br><strong>Porte<\/strong>: Offre due porte Thunderbolt 4 con supporto DisplayPort 2.1, due porte USB 3.2 Gen1 Tipo-A, due porte USB 3.2 Gen2 Tipo-A, una porta HDMI e uno slot LAN RJ45.<br><strong>Dimensioni e alimentazione<\/strong>: Misura 130 x 130 x 34 mm e pesa 530 g. Funziona con un adattatore di alimentazione da 120 W, ingresso DC: 20 V\/19 V, uscita: 6,0 A\/6,32 A.<\/p>\n\n\n\n<h2 class=\"wp-block-heading\">Disponibilit\u00e0<\/h2>\n\n\n\n<p>Asus ha indicato che la disponibilit\u00e0 del Mini PC NUC 14 Pro AI varier\u00e0 in base alla regione. Sebbene i dettagli sui prezzi specifici non siano stati divulgati, si prevede che il dispositivo sar\u00e0 presto disponibile in alcuni mercati globali selezionati.<\/p>\n","protected":false},"excerpt":{"rendered":"<p>Asus&nbsp;ha introdotto il NUC 14 Pro AI, un Mini PC compatto che integra i pi\u00f9 recenti processori Intel Core Ultra (Serie 2), precedentemente noti come &#8220;Lunar Lake&#8221;. Questo dispositivo \u00e8 progettato per offrire funzionalit\u00e0 avanzate di intelligenza artificiale in un formato di meno di 0,6 litri. Caratteristiche principali e specifiche tecniche Opzioni di processore: Il [&hellip;]<\/p>\n","protected":false},"author":1,"featured_media":0,"comment_status":"open","ping_status":"open","sticky":false,"template":"","format":"standard","meta":{"footnotes":""},"categories":[1],"tags":[30],"class_list":["post-1322","post","type-post","status-publish","format-standard","hentry","category-news","tag-asus"],"_links":{"self":[{"href":"https:\/\/www.itbatterie.com\/blog\/wp-json\/wp\/v2\/posts\/1322","targetHints":{"allow":["GET"]}}],"collection":[{"href":"https:\/\/www.itbatterie.com\/blog\/wp-json\/wp\/v2\/posts"}],"about":[{"href":"https:\/\/www.itbatterie.com\/blog\/wp-json\/wp\/v2\/types\/post"}],"author":[{"embeddable":true,"href":"https:\/\/www.itbatterie.com\/blog\/wp-json\/wp\/v2\/users\/1"}],"replies":[{"embeddable":true,"href":"https:\/\/www.itbatterie.com\/blog\/wp-json\/wp\/v2\/comments?post=1322"}],"version-history":[{"count":1,"href":"https:\/\/www.itbatterie.com\/blog\/wp-json\/wp\/v2\/posts\/1322\/revisions"}],"predecessor-version":[{"id":1324,"href":"https:\/\/www.itbatterie.com\/blog\/wp-json\/wp\/v2\/posts\/1322\/revisions\/1324"}],"wp:attachment":[{"href":"https:\/\/www.itbatterie.com\/blog\/wp-json\/wp\/v2\/media?parent=1322"}],"wp:term":[{"taxonomy":"category","embeddable":true,"href":"https:\/\/www.itbatterie.com\/blog\/wp-json\/wp\/v2\/categories?post=1322"},{"taxonomy":"post_tag","embeddable":true,"href":"https:\/\/www.itbatterie.com\/blog\/wp-json\/wp\/v2\/tags?post=1322"}],"curies":[{"name":"wp","href":"https:\/\/api.w.org\/{rel}","templated":true}]}}